[{"@context":"https:\/\/schema.org\/","@type":"Article","@id":"https:\/\/www.stenfr.cz\/bila-kabelka-psanicko-nejen-na-svatbu\/#Article","mainEntityOfPage":"https:\/\/www.stenfr.cz\/bila-kabelka-psanicko-nejen-na-svatbu\/","headline":"B\u00edl\u00e1 kabelka \u2013 psan\u00ed\u010dko, nejen na svatbu","name":"B\u00edl\u00e1 kabelka \u2013 psan\u00ed\u010dko, nejen na svatbu","description":"\u010cek\u00e1 v\u00e1s svatebn\u00ed den? A\u0165 u\u017e se budete vd\u00e1vat vy sama nebo t\u0159eba va\u0161e kamar\u00e1dka, bude to cht\u00edt d\u00e1t si z\u00e1le\u017eet na va\u0161em vzhledu. A\u0165 u\u017e se chyst\u00e1te na svatbu vlastn\u00ed nebo na jinou svatbu, krom\u011b vhodn\u00fdch spole\u010densk\u00fdch \u0161at\u016f budete tak\u00e9 pot\u0159ebovat n\u011bjakou tu kabelku. Na takovou ud\u00e1lost ov\u0161em nepot\u0159ebujete spoustu v\u011bc\u00ed, kterou b\u011b\u017en\u011b ve<footer class=\"entry-footer index-entry\"><div class=\"post-social pull-left\"><a href=\"https:\/\/www.facebook.com\/sharer\/sharer.php?u=https%3A%2F%2Fwww.stenfr.cz%2Fbila-kabelka-psanicko-nejen-na-svatbu%2F\" target=\"_blank\" class=\"social-icons\"><i class=\"fa fa-facebook\" aria-hidden=\"true\"><\/i><\/a><a href=\"https:\/\/twitter.com\/home?status=https%3A%2F%2Fwww.stenfr.cz%2Fbila-kabelka-psanicko-nejen-na-svatbu%2F\" target=\"_blank\" class=\"social-icons\"><i class=\"fa fa-twitter\" aria-hidden=\"true\"><\/i><\/a><a href=\"https:\/\/pinterest.com\/pin\/create\/button\/?url=https%3A%2F%2Fwww.stenfr.cz%2Fbila-kabelka-psanicko-nejen-na-svatbu%2F&media=https%3A%2F%2Fwww.stenfr.cz%2Fwp-content%2Fuploads%2Fimg_a315843_w2524_t1526761110.jpg\" target=\"_blank\" class=\"social-icons\"><i class=\"fa fa-pinterest-p\" aria-hidden=\"true\"><\/i><\/a><a href=\"https:\/\/www.linkedin.com\/shareArticle?mini=true&url=https%3A%2F%2Fwww.stenfr.cz%2Fbila-kabelka-psanicko-nejen-na-svatbu%2F&title=B%C3%ADl%C3%A1+kabelka+%E2%80%93+psan%C3%AD%C4%8Dko%2C+nejen+na+svatbu\" target=\"_blank\" class=\"social-icons\"><i class=\"fa fa-linkedin\" aria-hidden=\"true\"><\/i><\/a><\/div><p class=\"link-more\"><a href=\"https:\/\/www.stenfr.cz\/bila-kabelka-psanicko-nejen-na-svatbu\/\" class=\"more-link\">Continue reading <span class=\"meta-nav\">\u2192<\/span><\/a><\/p><\/footer>","datePublished":"2017-12-09","dateModified":"2023-04-30","author":{"@type":"Person","@id":"https:\/\/www.stenfr.cz\/author\/#Person","name":"","url":"https:\/\/www.stenfr.cz\/author\/","identifier":1,"image":{"@type":"ImageObject","@id":"https:\/\/secure.gravatar.com\/avatar\/bbaa4e9a58aac4329fe0ade0f3fb816f09f0dc43c21f6e884dccfbc124b16b29?s=96&d=mm&r=g","url":"https:\/\/secure.gravatar.com\/avatar\/bbaa4e9a58aac4329fe0ade0f3fb816f09f0dc43c21f6e884dccfbc124b16b29?s=96&d=mm&r=g","height":96,"width":96}},"publisher":{"@type":"Organization","name":"stenfr.cz","logo":{"@type":"ImageObject","@id":"\/logo.png","url":"\/logo.png","width":600,"height":60}},"image":{"@type":"ImageObject","@id":"https:\/\/www.stenfr.cz\/wp-content\/uploads\/img_a315843_w2524_t1526761110.jpg","url":"https:\/\/www.stenfr.cz\/wp-content\/uploads\/img_a315843_w2524_t1526761110.jpg","height":0,"width":0},"url":"https:\/\/www.stenfr.cz\/bila-kabelka-psanicko-nejen-na-svatbu\/","about":["Produkty"],"wordCount":422,"articleBody":"         \u010cek\u00e1 v\u00e1s svatebn\u00ed den? A\u0165 u\u017e se budete vd\u00e1vat vy sama nebo t\u0159eba va\u0161e kamar\u00e1dka, bude to cht\u00edt d\u00e1t si z\u00e1le\u017eet na va\u0161em vzhledu. A\u0165 u\u017e se chyst\u00e1te na svatbu vlastn\u00ed nebo na jinou svatbu, krom\u011b vhodn\u00fdch spole\u010densk\u00fdch \u0161at\u016f budete tak\u00e9 pot\u0159ebovat n\u011bjakou tu kabelku. Na takovou ud\u00e1lost ov\u0161em nepot\u0159ebujete spoustu v\u011bc\u00ed, kterou b\u011b\u017en\u011b ve va\u0161\u00ed ta\u0161ce nos\u00edte, vysta\u010d\u00edte si jen s m\u00e1lem. Jak\u00fd m\u00f3dn\u00ed dopln\u011bk pro tyto p\u0159\u00edle\u017eitosti tedy na va\u0161e drobnosti a nezbytnosti zvolit? Pro svatbu, a nejen pro tuto p\u0159\u00edle\u017eitost je jako d\u011blan\u00e1 kabelka psan\u00ed\u010dko b\u00edl\u00e9. A v\u00fdhody? Jednodu\u0161e se v\u00e1m vejde do ruky, ulo\u017e\u00edte do n\u00ed pot\u0159ebn\u00e9 d\u016fle\u017eit\u00e9 v\u011bci jako pen\u011b\u017eenku, doklady, mobiln\u00ed telefon, a i n\u011bjak\u00e9 ty \u0161minky a m\u016f\u017eete vyrazit.S b\u00edlou zaz\u00e1\u0159\u00edte D\u00edky b\u00edl\u00e9mu proveden\u00ed zaz\u00e1\u0159\u00edte, o\u017eiv\u00edte v\u00e1\u0161 outfit a z\u00edsk\u00e1te tak\u00e9 praktick\u00fd m\u00f3dn\u00ed dopln\u011bk, kter\u00fd vyu\u017eijete p\u0159i r\u016fzn\u00fdch p\u0159\u00edle\u017eitostech, p\u0159i kter\u00fdch u sebe nemus\u00edte m\u00edt p\u0159\u00edli\u0161 v\u011bc\u00ed, ale vysta\u010d\u00edte se s m\u00e1lem. Tato kabelka je elegantn\u00ed, stylov\u00e1 a praktick\u00e1 z\u00e1rove\u0148. Stane se nezbytnost\u00ed va\u0161eho outfitu do spole\u010dnosti. Tento v\u00e1\u0161 spole\u010dn\u00edk v\u00e1m rozhodn\u011b na \u017e\u00e1dn\u00e9 spole\u010densk\u00e9 akci nesm\u00ed chyb\u011bt, a to a\u0165 u\u017e jde o svatbu, ples, divadlo nebo jinou spole\u010denskou ud\u00e1lost. V\u017edy budete pot\u0159ebovat m\u00edt si kam d\u00e1t va\u0161e drobnosti a osobn\u00ed v\u011bci, a pr\u00e1v\u011b tento praktick\u00fd m\u00f3dn\u00ed dopln\u011bk v men\u0161\u00edm proveden\u00ed v\u00e1m skv\u011ble poslou\u017e\u00ed a z\u00e1rove\u0148 tak\u00e9 dolad\u00ed v\u00e1\u0161 outfit a vzhled.Chod\u00edte \u010dasto do divadla? Pak jist\u011b v\u00edte, \u017ee pro takov\u00e9to typy spole\u010densk\u00fdch ud\u00e1lost\u00ed v\u00e1m sta\u010d\u00ed ta\u0161ka men\u0161\u00edch rozm\u011br\u016f, ne takov\u00e1, jakou t\u0159eba obvykle nos\u00edte do pr\u00e1ce nebo na sch\u016fzky. Posta\u010d\u00ed v\u00e1m zkr\u00e1tka mal\u00fd prostor pro p\u00e1r va\u0161ich nezbytn\u00fdch v\u011bc\u00ed, kter\u00e9 nos\u00edte neust\u00e1le p\u0159i sob\u011b. Vyrazte si proto p\u0159\u00ed\u0161t\u011b do divadla, na svatbu nebo na jinou spole\u010denskou ud\u00e1lost se stylovou a \u0161ik b\u00edlou kabelkou, kter\u00e1 dopln\u00ed v\u00e1\u0161 outfit, skv\u011ble vypad\u00e1 a je tak\u00e9 p\u0159edev\u0161\u00edm praktick\u00e1.                                                                                                                                                                                                                                                                                                                                                                                         4.6\/5 - (8 votes)        "},{"@context":"https:\/\/schema.org\/","@type":"BreadcrumbList","itemListElement":[{"@type":"ListItem","position":1,"name":"B\u00edl\u00e1 kabelka \u2013 psan\u00ed\u010dko, nejen na svatbu","item":"https:\/\/www.stenfr.cz\/bila-kabelka-psanicko-nejen-na-svatbu\/#breadcrumbitem"}]}]