{"@context":"https:\/\/schema.org\/","@type":"CollectionPage","@id":"https:\/\/www.stenfr.cz\/dum-a-byt\/#CollectionPage","headline":"D\u016fm a byt Category","description":"","url":"https:\/\/www.stenfr.cz\/dum-a-byt\/","hasPart":[{"@type":"Article","@id":"https:\/\/www.stenfr.cz\/chybi-vam-prostor-zrekonstruujte-podkrovi\/","headline":"Chyb\u00ed v\u00e1m prostor? Zrekonstruujte podkrov\u00ed!","url":"https:\/\/www.stenfr.cz\/chybi-vam-prostor-zrekonstruujte-podkrovi\/","datePublished":"2025-02-27","dateModified":"2023-04-30","mainEntityOfPage":"https:\/\/www.stenfr.cz\/chybi-vam-prostor-zrekonstruujte-podkrovi\/","author":{"@type":"Person","@id":"https:\/\/www.stenfr.cz\/author\/#Person","name":"","url":"https:\/\/www.stenfr.cz\/author\/","identifier":1,"image":{"@type":"ImageObject","@id":"https:\/\/secure.gravatar.com\/avatar\/bbaa4e9a58aac4329fe0ade0f3fb816f09f0dc43c21f6e884dccfbc124b16b29?s=96&d=mm&r=g","url":"https:\/\/secure.gravatar.com\/avatar\/bbaa4e9a58aac4329fe0ade0f3fb816f09f0dc43c21f6e884dccfbc124b16b29?s=96&d=mm&r=g","height":96,"width":96}},"publisher":{"@type":"Organization","name":"stenfr.cz","logo":{"@type":"ImageObject","@id":"\/logo.png","url":"\/logo.png","width":600,"height":60}},"image":{"@type":"ImageObject","@id":"https:\/\/www.stenfr.cz\/wp-content\/uploads\/img_a314167_w2524_t1524943129.jpg","url":"https:\/\/www.stenfr.cz\/wp-content\/uploads\/img_a314167_w2524_t1524943129.jpg","height":0,"width":0},"keywords":null},{"@type":"Article","@id":"https:\/\/www.stenfr.cz\/vhodny-vyber-pro-vase-okna\/","headline":"Vhodn\u00fd v\u00fdb\u011br pro va\u0161e okna","url":"https:\/\/www.stenfr.cz\/vhodny-vyber-pro-vase-okna\/","datePublished":"2025-02-27","dateModified":"2023-04-30","mainEntityOfPage":"https:\/\/www.stenfr.cz\/vhodny-vyber-pro-vase-okna\/","author":{"@type":"Person","@id":"https:\/\/www.stenfr.cz\/author\/#Person","name":"","url":"https:\/\/www.stenfr.cz\/author\/","identifier":1,"image":{"@type":"ImageObject","@id":"https:\/\/secure.gravatar.com\/avatar\/bbaa4e9a58aac4329fe0ade0f3fb816f09f0dc43c21f6e884dccfbc124b16b29?s=96&d=mm&r=g","url":"https:\/\/secure.gravatar.com\/avatar\/bbaa4e9a58aac4329fe0ade0f3fb816f09f0dc43c21f6e884dccfbc124b16b29?s=96&d=mm&r=g","height":96,"width":96}},"publisher":{"@type":"Organization","name":"stenfr.cz","logo":{"@type":"ImageObject","@id":"\/logo.png","url":"\/logo.png","width":600,"height":60}},"image":{"@type":"ImageObject","@id":"https:\/\/www.stenfr.cz\/wp-content\/uploads\/img_a319400_w2524_t1530388669.jpg","url":"https:\/\/www.stenfr.cz\/wp-content\/uploads\/img_a319400_w2524_t1530388669.jpg","height":0,"width":0},"keywords":null},{"@type":"Article","@id":"https:\/\/www.stenfr.cz\/vybaveni-maleho-bytu\/","headline":"Vybaven\u00ed mal\u00e9ho bytu","url":"https:\/\/www.stenfr.cz\/vybaveni-maleho-bytu\/","datePublished":"2025-02-26","dateModified":"2023-04-30","mainEntityOfPage":"https:\/\/www.stenfr.cz\/vybaveni-maleho-bytu\/","author":{"@type":"Person","@id":"https:\/\/www.stenfr.cz\/author\/#Person","name":"","url":"https:\/\/www.stenfr.cz\/author\/","identifier":1,"image":{"@type":"ImageObject","@id":"https:\/\/secure.gravatar.com\/avatar\/bbaa4e9a58aac4329fe0ade0f3fb816f09f0dc43c21f6e884dccfbc124b16b29?s=96&d=mm&r=g","url":"https:\/\/secure.gravatar.com\/avatar\/bbaa4e9a58aac4329fe0ade0f3fb816f09f0dc43c21f6e884dccfbc124b16b29?s=96&d=mm&r=g","height":96,"width":96}},"publisher":{"@type":"Organization","name":"stenfr.cz","logo":{"@type":"ImageObject","@id":"\/logo.png","url":"\/logo.png","width":600,"height":60}},"image":{"@type":"ImageObject","@id":"https:\/\/www.stenfr.cz\/wp-content\/uploads\/img_a332336_w2524_t1545206585.jpg","url":"https:\/\/www.stenfr.cz\/wp-content\/uploads\/img_a332336_w2524_t1545206585.jpg","height":0,"width":0},"keywords":null},{"@type":"Article","@id":"https:\/\/www.stenfr.cz\/lide-si-potrebuji-pujcovat\/","headline":"Lid\u00e9 si pot\u0159ebuj\u00ed p\u016fj\u010dovat","url":"https:\/\/www.stenfr.cz\/lide-si-potrebuji-pujcovat\/","datePublished":"2024-05-19","dateModified":"2024-05-19","mainEntityOfPage":"https:\/\/www.stenfr.cz\/lide-si-potrebuji-pujcovat\/","author":{"@type":"Person","@id":"https:\/\/www.stenfr.cz\/author\/#Person","name":"","url":"https:\/\/www.stenfr.cz\/author\/","identifier":1,"image":{"@type":"ImageObject","@id":"https:\/\/secure.gravatar.com\/avatar\/bbaa4e9a58aac4329fe0ade0f3fb816f09f0dc43c21f6e884dccfbc124b16b29?s=96&d=mm&r=g","url":"https:\/\/secure.gravatar.com\/avatar\/bbaa4e9a58aac4329fe0ade0f3fb816f09f0dc43c21f6e884dccfbc124b16b29?s=96&d=mm&r=g","height":96,"width":96}},"publisher":{"@type":"Organization","name":"stenfr.cz","logo":{"@type":"ImageObject","@id":"\/logo.png","url":"\/logo.png","width":600,"height":60}},"image":{"@type":"ImageObject","@id":"https:\/\/www.stenfr.cz\/wp-content\/uploads\/pppppppppppppppppppppppppppppppppp_9.jpg","url":"https:\/\/www.stenfr.cz\/wp-content\/uploads\/pppppppppppppppppppppppppppppppppp_9.jpg","height":0,"width":0},"keywords":null},{"@type":"Article","@id":"https:\/\/www.stenfr.cz\/nebankovni-hypoteky-pomahaji\/","headline":"Nebankovn\u00ed hypot\u00e9ky pom\u00e1haj\u00ed","url":"https:\/\/www.stenfr.cz\/nebankovni-hypoteky-pomahaji\/","datePublished":"2023-03-19","dateModified":"2023-05-31","mainEntityOfPage":"https:\/\/www.stenfr.cz\/nebankovni-hypoteky-pomahaji\/","author":{"@type":"Person","@id":"https:\/\/www.stenfr.cz\/author\/#Person","name":"","url":"https:\/\/www.stenfr.cz\/author\/","identifier":1,"image":{"@type":"ImageObject","@id":"https:\/\/secure.gravatar.com\/avatar\/bbaa4e9a58aac4329fe0ade0f3fb816f09f0dc43c21f6e884dccfbc124b16b29?s=96&d=mm&r=g","url":"https:\/\/secure.gravatar.com\/avatar\/bbaa4e9a58aac4329fe0ade0f3fb816f09f0dc43c21f6e884dccfbc124b16b29?s=96&d=mm&r=g","height":96,"width":96}},"publisher":{"@type":"Organization","name":"stenfr.cz","logo":{"@type":"ImageObject","@id":"\/logo.png","url":"\/logo.png","width":600,"height":60}},"image":{"@type":"ImageObject","@id":"https:\/\/www.stenfr.cz\/wp-content\/uploads\/euro-967098_960_720_1.jpg","url":"https:\/\/www.stenfr.cz\/wp-content\/uploads\/euro-967098_960_720_1.jpg","height":0,"width":0},"keywords":null},{"@type":"Article","@id":"https:\/\/www.stenfr.cz\/proc-se-odstehovat-z-mesta-na-venkov-do-mobilniho-domu\/","headline":"Pro\u010d se odst\u011bhovat z m\u011bsta na venkov do mobiln\u00edho domu","url":"https:\/\/www.stenfr.cz\/proc-se-odstehovat-z-mesta-na-venkov-do-mobilniho-domu\/","datePublished":"2022-06-12","dateModified":"2023-07-31","mainEntityOfPage":"https:\/\/www.stenfr.cz\/proc-se-odstehovat-z-mesta-na-venkov-do-mobilniho-domu\/","author":{"@type":"Person","@id":"https:\/\/www.stenfr.cz\/author\/#Person","name":"","url":"https:\/\/www.stenfr.cz\/author\/","identifier":1,"image":{"@type":"ImageObject","@id":"https:\/\/secure.gravatar.com\/avatar\/bbaa4e9a58aac4329fe0ade0f3fb816f09f0dc43c21f6e884dccfbc124b16b29?s=96&d=mm&r=g","url":"https:\/\/secure.gravatar.com\/avatar\/bbaa4e9a58aac4329fe0ade0f3fb816f09f0dc43c21f6e884dccfbc124b16b29?s=96&d=mm&r=g","height":96,"width":96}},"publisher":{"@type":"Organization","name":"stenfr.cz","logo":{"@type":"ImageObject","@id":"\/logo.png","url":"\/logo.png","width":600,"height":60}},"image":{"@type":"ImageObject","@id":"https:\/\/www.stenfr.cz\/wp-content\/uploads\/daisy-712898_640.jpg","url":"https:\/\/www.stenfr.cz\/wp-content\/uploads\/daisy-712898_640.jpg","height":0,"width":0},"keywords":null},{"@type":"Article","@id":"https:\/\/www.stenfr.cz\/co-by-mela-zvladnout-solarni-plachta-na-bazen\/","headline":"Co by m\u011bla zvl\u00e1dnout sol\u00e1rn\u00ed plachta na baz\u00e9n","url":"https:\/\/www.stenfr.cz\/co-by-mela-zvladnout-solarni-plachta-na-bazen\/","datePublished":"2021-08-07","dateModified":"2023-06-05","mainEntityOfPage":"https:\/\/www.stenfr.cz\/co-by-mela-zvladnout-solarni-plachta-na-bazen\/","author":{"@type":"Person","@id":"https:\/\/www.stenfr.cz\/author\/#Person","name":"","url":"https:\/\/www.stenfr.cz\/author\/","identifier":1,"image":{"@type":"ImageObject","@id":"https:\/\/secure.gravatar.com\/avatar\/bbaa4e9a58aac4329fe0ade0f3fb816f09f0dc43c21f6e884dccfbc124b16b29?s=96&d=mm&r=g","url":"https:\/\/secure.gravatar.com\/avatar\/bbaa4e9a58aac4329fe0ade0f3fb816f09f0dc43c21f6e884dccfbc124b16b29?s=96&d=mm&r=g","height":96,"width":96}},"publisher":{"@type":"Organization","name":"stenfr.cz","logo":{"@type":"ImageObject","@id":"\/logo.png","url":"\/logo.png","width":600,"height":60}},"image":{"@type":"ImageObject","@id":"https:\/\/www.stenfr.cz\/wp-content\/uploads\/pes%20ve%20vod%C4%9B%20s%20m%C3%AD%C4%8Dem.jpg","url":"https:\/\/www.stenfr.cz\/wp-content\/uploads\/pes%20ve%20vod%C4%9B%20s%20m%C3%AD%C4%8Dem.jpg","height":0,"width":0},"keywords":null},{"@type":"Article","@id":"https:\/\/www.stenfr.cz\/rozdily-v-porizeni-bytu-a-mobilniho-domu\/","headline":"Rozd\u00edly v po\u0159\u00edzen\u00ed bytu a mobiln\u00edho domu","url":"https:\/\/www.stenfr.cz\/rozdily-v-porizeni-bytu-a-mobilniho-domu\/","datePublished":"2021-05-14","dateModified":"2023-04-30","mainEntityOfPage":"https:\/\/www.stenfr.cz\/rozdily-v-porizeni-bytu-a-mobilniho-domu\/","author":{"@type":"Person","@id":"https:\/\/www.stenfr.cz\/author\/#Person","name":"","url":"https:\/\/www.stenfr.cz\/author\/","identifier":1,"image":{"@type":"ImageObject","@id":"https:\/\/secure.gravatar.com\/avatar\/bbaa4e9a58aac4329fe0ade0f3fb816f09f0dc43c21f6e884dccfbc124b16b29?s=96&d=mm&r=g","url":"https:\/\/secure.gravatar.com\/avatar\/bbaa4e9a58aac4329fe0ade0f3fb816f09f0dc43c21f6e884dccfbc124b16b29?s=96&d=mm&r=g","height":96,"width":96}},"publisher":{"@type":"Organization","name":"stenfr.cz","logo":{"@type":"ImageObject","@id":"\/logo.png","url":"\/logo.png","width":600,"height":60}},"image":{"@type":"ImageObject","@id":"https:\/\/www.stenfr.cz\/wp-content\/uploads\/panel%C3%A1k.jpeg","url":"https:\/\/www.stenfr.cz\/wp-content\/uploads\/panel%C3%A1k.jpeg","height":0,"width":0},"keywords":null},{"@type":"Article","@id":"https:\/\/www.stenfr.cz\/zarizujte-interier-moudre\/","headline":"Za\u0159izujte interi\u00e9r moud\u0159e","url":"https:\/\/www.stenfr.cz\/zarizujte-interier-moudre\/","datePublished":"2018-09-27","dateModified":"2023-04-30","mainEntityOfPage":"https:\/\/www.stenfr.cz\/zarizujte-interier-moudre\/","author":{"@type":"Person","@id":"https:\/\/www.stenfr.cz\/author\/#Person","name":"","url":"https:\/\/www.stenfr.cz\/author\/","identifier":1,"image":{"@type":"ImageObject","@id":"https:\/\/secure.gravatar.com\/avatar\/bbaa4e9a58aac4329fe0ade0f3fb816f09f0dc43c21f6e884dccfbc124b16b29?s=96&d=mm&r=g","url":"https:\/\/secure.gravatar.com\/avatar\/bbaa4e9a58aac4329fe0ade0f3fb816f09f0dc43c21f6e884dccfbc124b16b29?s=96&d=mm&r=g","height":96,"width":96}},"publisher":{"@type":"Organization","name":"stenfr.cz","logo":{"@type":"ImageObject","@id":"\/logo.png","url":"\/logo.png","width":600,"height":60}},"image":{"@type":"ImageObject","@id":"https:\/\/www.stenfr.cz\/wp-content\/uploads\/img_a325654_w2524_t1537605876.jpg","url":"https:\/\/www.stenfr.cz\/wp-content\/uploads\/img_a325654_w2524_t1537605876.jpg","height":0,"width":0},"keywords":null},{"@type":"Article","@id":"https:\/\/www.stenfr.cz\/to-s-cim-budete-spokojeni\/","headline":"To, s \u010d\u00edm budete spokojeni","url":"https:\/\/www.stenfr.cz\/to-s-cim-budete-spokojeni\/","datePublished":"2017-12-03","dateModified":"2023-04-30","mainEntityOfPage":"https:\/\/www.stenfr.cz\/to-s-cim-budete-spokojeni\/","author":{"@type":"Person","@id":"https:\/\/www.stenfr.cz\/author\/#Person","name":"","url":"https:\/\/www.stenfr.cz\/author\/","identifier":1,"image":{"@type":"ImageObject","@id":"https:\/\/secure.gravatar.com\/avatar\/bbaa4e9a58aac4329fe0ade0f3fb816f09f0dc43c21f6e884dccfbc124b16b29?s=96&d=mm&r=g","url":"https:\/\/secure.gravatar.com\/avatar\/bbaa4e9a58aac4329fe0ade0f3fb816f09f0dc43c21f6e884dccfbc124b16b29?s=96&d=mm&r=g","height":96,"width":96}},"publisher":{"@type":"Organization","name":"stenfr.cz","logo":{"@type":"ImageObject","@id":"\/logo.png","url":"\/logo.png","width":600,"height":60}},"image":{"@type":"ImageObject","@id":"https:\/\/www.stenfr.cz\/wp-content\/uploads\/img_a310195_w2399_t1521114040.jpg","url":"https:\/\/www.stenfr.cz\/wp-content\/uploads\/img_a310195_w2399_t1521114040.jpg","height":0,"width":0},"keywords":null}]}