[{"@context":"https:\/\/schema.org\/","@type":"Article","@id":"https:\/\/www.stenfr.cz\/k-uprave-zevnejsku-rozhodne-patri\/#Article","mainEntityOfPage":"https:\/\/www.stenfr.cz\/k-uprave-zevnejsku-rozhodne-patri\/","headline":"K \u00faprav\u011b zevn\u011bj\u0161ku rozhodn\u011b pat\u0159\u00ed","name":"K \u00faprav\u011b zevn\u011bj\u0161ku rozhodn\u011b pat\u0159\u00ed","description":"Ka\u017ed\u00e1 \u017eena by si p\u0159\u00e1la, aby vypadala po\u0159\u00e1d upraven\u011b a aby se p\u0159\u00edjemn\u011b c\u00edtila. K tomu nutn\u011b pat\u0159\u00ed pravideln\u00e1 n\u00e1v\u0161t\u011bva kade\u0159n\u00edka, kosmeti\u010dky, sol\u00e1ria a nesm\u00edme zapom\u00ednat na pedik\u00faru a manik\u00faru. V ka\u017ed\u00e9m specializovan\u00e9m sal\u00f3nu str\u00e1v\u00edme mnoho \u010dasu, n\u011bkdy i n\u011bkolik hodin. Skloubit tak p\u00e9\u010di o sv\u016fj zevn\u011bj\u0161ek se zam\u011bstn\u00e1n\u00edm a p\u00e9\u010d\u00ed o d\u011bti a dom\u00e1cnost<footer class=\"entry-footer index-entry\"><div class=\"post-social pull-left\"><a href=\"https:\/\/www.facebook.com\/sharer\/sharer.php?u=https%3A%2F%2Fwww.stenfr.cz%2Fk-uprave-zevnejsku-rozhodne-patri%2F\" target=\"_blank\" class=\"social-icons\"><i class=\"fa fa-facebook\" aria-hidden=\"true\"><\/i><\/a><a href=\"https:\/\/twitter.com\/home?status=https%3A%2F%2Fwww.stenfr.cz%2Fk-uprave-zevnejsku-rozhodne-patri%2F\" target=\"_blank\" class=\"social-icons\"><i class=\"fa fa-twitter\" aria-hidden=\"true\"><\/i><\/a><a href=\"https:\/\/pinterest.com\/pin\/create\/button\/?url=https%3A%2F%2Fwww.stenfr.cz%2Fk-uprave-zevnejsku-rozhodne-patri%2F&media=https%3A%2F%2Fwww.stenfr.cz%2Fwp-content%2Fuploads%2Fimg_a290859_w2130_t1503642089.jpg\" target=\"_blank\" class=\"social-icons\"><i class=\"fa fa-pinterest-p\" aria-hidden=\"true\"><\/i><\/a><a href=\"https:\/\/www.linkedin.com\/shareArticle?mini=true&url=https%3A%2F%2Fwww.stenfr.cz%2Fk-uprave-zevnejsku-rozhodne-patri%2F&title=K+%C3%BAprav%C4%9B+zevn%C4%9Bj%C5%A1ku+rozhodn%C4%9B+pat%C5%99%C3%AD\" target=\"_blank\" class=\"social-icons\"><i class=\"fa fa-linkedin\" aria-hidden=\"true\"><\/i><\/a><\/div><p class=\"link-more\"><a href=\"https:\/\/www.stenfr.cz\/k-uprave-zevnejsku-rozhodne-patri\/\" class=\"more-link\">Continue reading <span class=\"meta-nav\">\u2192<\/span><\/a><\/p><\/footer>","datePublished":"2017-05-25","dateModified":"2023-04-30","author":{"@type":"Person","@id":"https:\/\/www.stenfr.cz\/author\/#Person","name":"","url":"https:\/\/www.stenfr.cz\/author\/","identifier":1,"image":{"@type":"ImageObject","@id":"https:\/\/secure.gravatar.com\/avatar\/bbaa4e9a58aac4329fe0ade0f3fb816f09f0dc43c21f6e884dccfbc124b16b29?s=96&d=mm&r=g","url":"https:\/\/secure.gravatar.com\/avatar\/bbaa4e9a58aac4329fe0ade0f3fb816f09f0dc43c21f6e884dccfbc124b16b29?s=96&d=mm&r=g","height":96,"width":96}},"publisher":{"@type":"Organization","name":"stenfr.cz","logo":{"@type":"ImageObject","@id":"\/logo.png","url":"\/logo.png","width":600,"height":60}},"image":{"@type":"ImageObject","@id":"https:\/\/www.stenfr.cz\/wp-content\/uploads\/img_a290859_w2130_t1503642089.jpg","url":"https:\/\/www.stenfr.cz\/wp-content\/uploads\/img_a290859_w2130_t1503642089.jpg","height":0,"width":0},"url":"https:\/\/www.stenfr.cz\/k-uprave-zevnejsku-rozhodne-patri\/","about":["Produkty"],"wordCount":413,"articleBody":"Ka\u017ed\u00e1 \u017eena by si p\u0159\u00e1la, aby vypadala po\u0159\u00e1d upraven\u011b a aby se p\u0159\u00edjemn\u011b c\u00edtila. K tomu nutn\u011b pat\u0159\u00ed pravideln\u00e1 n\u00e1v\u0161t\u011bva kade\u0159n\u00edka, kosmeti\u010dky, sol\u00e1ria a nesm\u00edme zapom\u00ednat na pedik\u00faru a manik\u00faru. V ka\u017ed\u00e9m specializovan\u00e9m sal\u00f3nu str\u00e1v\u00edme mnoho \u010dasu, n\u011bkdy i n\u011bkolik hodin. Skloubit tak p\u00e9\u010di o sv\u016fj zevn\u011bj\u0161ek se zam\u011bstn\u00e1n\u00edm a p\u00e9\u010d\u00ed o d\u011bti a dom\u00e1cnost nen\u00ed jednoduch\u00fdm \u00fakolem. Pro n\u011bkter\u00e9 z uveden\u00fdch \u010dinnost\u00ed se jist\u011b bez pomoci profesion\u00e1l\u016f neobejdete, ale jsou i \u00fakony, kter\u00e9 s trochou praxe zvl\u00e1dnete doma a bez ciz\u00ed pomoci. Nap\u0159\u00edklad pedik\u00faru a manik\u00faru.  Zpo\u010d\u00e1tku v\u00e1m \u00faprava neht\u016f, nebo nehtov\u00e1 model\u00e1\u017e mo\u017en\u00e1 zabere v\u00edce \u010dasu ne\u017e v sal\u00f3nu, ale to se velmi rychle zm\u011bn\u00ed. Sta\u010d\u00ed p\u00e1r pokus\u016f a va\u0161e technika se zlep\u0161\u00ed natolik, \u017ee hrav\u011b doma nahrad\u00edte speci\u00e1ln\u00ed sal\u00f3n. Jen nesm\u00edte zapom\u00ednat na to, \u017ee i doma pot\u0159ebujete velmi kvalitn\u00ed p\u0159\u00edpravky a prost\u0159edky pro nehtovou model\u00e1\u017e, nebo pro p\u00e9\u010di o sv\u00e9 p\u0159\u00edrodn\u00ed nehty. Laky na nehty tak vyb\u00edrejte v\u017edy od prov\u011b\u0159en\u00fdch v\u00fdrobc\u016f. Pokud s nehtovou model\u00e1\u017e\u00ed teprve za\u010d\u00edn\u00e1te, jsou pro v\u00e1s ur\u010deny speci\u00e1ln\u00ed sady pro za\u010d\u00e1tek, kde najdete v\u0161echno pot\u0159ebn\u00e9 vybaven\u00ed. V n\u011bkter\u00fdch bal\u00ed\u010dc\u00edch u\u017e je sou\u010d\u00e1st\u00ed i uv lampa, kter\u00e1 se pou\u017e\u00edv\u00e1 na vytvrzen\u00ed gelu. Gelov\u00e9 nehty jsou v posledn\u00edch letech velmi obl\u00edben\u00e9, zejm\u00e9na pro jejich p\u0159irozen\u00fd vzhled, pru\u017enost a skute\u010dnost, \u017ee v\u00e1m na rukou neze\u017eloutnou.  Obl\u00edben\u00e9 trendy Francouzsk\u00e1 manik\u00fara je sice st\u00e1le velmi obl\u00edbenou \u00fapravou, v posledn\u00ed dob\u011b se v\u0161ak dost\u00e1v\u00e1 do obliby i mnohem odv\u00e1\u017en\u011bj\u0161\u00ed vzory a barvy lak\u016f na nehty. Setk\u00e1me se i s model\u00e1\u017e\u00ed, kdy fin\u00e1ln\u00ed \u00faprava je r\u016fznobarevn\u00e1, v\u010detn\u011b ne\u00f3nov\u00fdch odst\u00edn\u016f nebo nejr\u016fzn\u011bj\u0161\u00edch potisk\u016f, kam\u00ednk\u016f a flitr\u016f. Nehty pak opravdu hraj\u00ed v\u0161emi barvami a dok\u00e1\u017e\u00ed zcela jist\u011b upoutat pozornost. I kdy\u017e v\u00e1s m\u00f3dn\u00ed v\u00fdst\u0159elky neoslovily a z\u016fstanete u elegantn\u00ed francouzsk\u00e9 manik\u00fary, nevad\u00ed. Jen nezapom\u00ednejte, \u017ee upraven\u00e9 ruce jsou d\u016fle\u017eitou sou\u010d\u00e1st\u00ed p\u00e9\u010de o zevn\u011bj\u0161ek.                                                                                                                                                                                                                                                                                                                                                                                         2.3\/5 - (6 votes)        "},{"@context":"https:\/\/schema.org\/","@type":"BreadcrumbList","itemListElement":[{"@type":"ListItem","position":1,"name":"K \u00faprav\u011b zevn\u011bj\u0161ku rozhodn\u011b pat\u0159\u00ed","item":"https:\/\/www.stenfr.cz\/k-uprave-zevnejsku-rozhodne-patri\/#breadcrumbitem"}]}]