[{"@context":"https:\/\/schema.org\/","@type":"Article","@id":"https:\/\/www.stenfr.cz\/letni-vedra-mohou-zacinat-uz-v-cervnu\/#Article","mainEntityOfPage":"https:\/\/www.stenfr.cz\/letni-vedra-mohou-zacinat-uz-v-cervnu\/","headline":"Letn\u00ed vedra mohou za\u010d\u00ednat u\u017e v \u010dervnu","name":"Letn\u00ed vedra mohou za\u010d\u00ednat u\u017e v \u010dervnu","description":"\u010cervenec a srpen jsou letn\u00ed pr\u00e1zdninov\u00e9 m\u011bs\u00edce a obvykle je tak\u00e9 spojujeme s koup\u00e1n\u00edm, s dovolenou, s v\u00fdlety do p\u0159\u00edrody a obecn\u011b i s vy\u0161\u0161\u00edmi teplotami ovzdu\u0161\u00ed. Ty mnohdy dosahuj\u00ed a\u017e tropick\u00fdch hodnot, kter\u00e9 mnoz\u00ed z v\u00e1s sn\u00e1\u0161\u00ed velice \u0161patn\u011b. Nem\u011bli bychom v\u0161ak zapom\u00ednat ani na to, \u017ee ve h\u0159e je je\u0161t\u011b \u010derven, a \u017ee<footer class=\"entry-footer index-entry\"><div class=\"post-social pull-left\"><a href=\"https:\/\/www.facebook.com\/sharer\/sharer.php?u=https%3A%2F%2Fwww.stenfr.cz%2Fletni-vedra-mohou-zacinat-uz-v-cervnu%2F\" target=\"_blank\" class=\"social-icons\"><i class=\"fa fa-facebook\" aria-hidden=\"true\"><\/i><\/a><a href=\"https:\/\/twitter.com\/home?status=https%3A%2F%2Fwww.stenfr.cz%2Fletni-vedra-mohou-zacinat-uz-v-cervnu%2F\" target=\"_blank\" class=\"social-icons\"><i class=\"fa fa-twitter\" aria-hidden=\"true\"><\/i><\/a><a href=\"https:\/\/pinterest.com\/pin\/create\/button\/?url=https%3A%2F%2Fwww.stenfr.cz%2Fletni-vedra-mohou-zacinat-uz-v-cervnu%2F&media=https%3A%2F%2Fwww.stenfr.cz%2Fwp-content%2Fuploads%2Fhall-roof-2560454_640_8.jpg\" target=\"_blank\" class=\"social-icons\"><i class=\"fa fa-pinterest-p\" aria-hidden=\"true\"><\/i><\/a><a href=\"https:\/\/www.linkedin.com\/shareArticle?mini=true&url=https%3A%2F%2Fwww.stenfr.cz%2Fletni-vedra-mohou-zacinat-uz-v-cervnu%2F&title=Letn%C3%AD+vedra+mohou+za%C4%8D%C3%ADnat+u%C5%BE+v+%C4%8Dervnu\" target=\"_blank\" class=\"social-icons\"><i class=\"fa fa-linkedin\" aria-hidden=\"true\"><\/i><\/a><\/div><p class=\"link-more\"><a href=\"https:\/\/www.stenfr.cz\/letni-vedra-mohou-zacinat-uz-v-cervnu\/\" class=\"more-link\">Continue reading <span class=\"meta-nav\">\u2192<\/span><\/a><\/p><\/footer>","datePublished":"2022-06-12","dateModified":"2023-04-30","author":{"@type":"Person","@id":"https:\/\/www.stenfr.cz\/author\/#Person","name":"","url":"https:\/\/www.stenfr.cz\/author\/","identifier":1,"image":{"@type":"ImageObject","@id":"https:\/\/secure.gravatar.com\/avatar\/bbaa4e9a58aac4329fe0ade0f3fb816f09f0dc43c21f6e884dccfbc124b16b29?s=96&d=mm&r=g","url":"https:\/\/secure.gravatar.com\/avatar\/bbaa4e9a58aac4329fe0ade0f3fb816f09f0dc43c21f6e884dccfbc124b16b29?s=96&d=mm&r=g","height":96,"width":96}},"publisher":{"@type":"Organization","name":"stenfr.cz","logo":{"@type":"ImageObject","@id":"\/logo.png","url":"\/logo.png","width":600,"height":60}},"image":{"@type":"ImageObject","@id":"https:\/\/www.stenfr.cz\/wp-content\/uploads\/hall-roof-2560454_640_8.jpg","url":"https:\/\/www.stenfr.cz\/wp-content\/uploads\/hall-roof-2560454_640_8.jpg","height":0,"width":0},"url":"https:\/\/www.stenfr.cz\/letni-vedra-mohou-zacinat-uz-v-cervnu\/","about":["Produkty"],"wordCount":380,"articleBody":"   \u010cervenec a srpen jsou letn\u00ed pr\u00e1zdninov\u00e9 m\u011bs\u00edce a obvykle je tak\u00e9 spojujeme s koup\u00e1n\u00edm, s dovolenou, s v\u00fdlety do p\u0159\u00edrody a obecn\u011b i s vy\u0161\u0161\u00edmi teplotami ovzdu\u0161\u00ed. Ty mnohdy dosahuj\u00ed a\u017e tropick\u00fdch hodnot, kter\u00e9 mnoz\u00ed z v\u00e1s sn\u00e1\u0161\u00ed velice \u0161patn\u011b. Nem\u011bli bychom v\u0161ak zapom\u00ednat ani na to, \u017ee ve h\u0159e je je\u0161t\u011b \u010derven, a \u017ee i v t\u00e9to dob\u011b lze po\u010d\u00edtat s tropick\u00fdmi vedry, kter\u00e1 mohou potr\u00e1pit zejm\u00e9na kardiaky, seniory, mal\u00e9 d\u011bti a dom\u00e1c\u00ed zv\u00ed\u0159ata.Tropick\u00e9 horko je v\u017edy z\u00e1t\u011b\u017e\u00ed pro organismus, ten si vytv\u00e1\u0159\u00ed obrann\u00e9 mechanismy a sah\u00e1 pro n\u011b do sv\u00fdch rezerv, ale pokud jsou rezervy t\u00e9m\u011b\u0159 vy\u010derpan\u00e9, m\u016f\u017ee nastat probl\u00e9m. Jde zejm\u00e9na o \u00fapal neboli p\u0159eh\u0159\u00e1t\u00ed organismu vlivem vy\u0161\u0161\u00ed t\u011blesn\u00e9 teploty nad 36 stup\u0148\u016f Celsia. \u00dapalu moc nep\u0159isp\u00edv\u00e1 ani m\u011bstsk\u00fd smog a prost\u0159ed\u00ed kancel\u00e1\u0159\u00ed \u010di d\u00edlensk\u00fdch provoz\u016f, kde p\u0159evl\u00e1d\u00e1 stres, napjat\u00e1 atmosf\u00e9ra a \u0161patn\u00e9 mezilidsk\u00e9 vztahy.\u00dapalu lze jednodu\u0161e zabr\u00e1nit splitovou klimatiza\u010dn\u00ed soustavou, jej\u00ed\u017e provoz nemus\u00ed b\u00fdt tak n\u00e1kladn\u00fd, jak se zd\u00e1. Splitov\u00e1 klimatizace m\u016f\u017ee na ja\u0159e a na podzim lehce p\u0159it\u00e1p\u011bt a v l\u00e9t\u011b samoz\u0159ejm\u011b efektivn\u011b chladit. Aby v\u00e1m klimatizace v Praze https:\/\/elmontech.cz\/klimatizace\/ dob\u0159e fungovala, je vhodn\u00e9 ji nechat pravideln\u011b revidovat a \u010distit. Zd\u00e1 se v\u00e1m to p\u0159\u00edli\u0161 zbyte\u010dn\u00e9 a hlavn\u011b drah\u00e9? Pak byste si m\u011bli uv\u011bdomit, \u017ee nejde ani tak o estetiku, ale o praktick\u00e9 d\u016fsledky v podob\u011b velmi nebezpe\u010dn\u00e9ho po\u017e\u00e1ru. Uvnit\u0159 vzduchotechniky se toti\u017e neust\u00e1le usazuj\u00ed  https:\/\/www.femina.cz\/zuby-tvori-pouze-25-ustni-dutiny-ale-bakterie-se-usazuji-vsude\/ prachov\u00e9 \u010d\u00e1stice a spolu s nimi mastnota.Kombinace mastnoty a prachu je v uvozovk\u00e1ch \u201eperfektn\u00ed\u201c ho\u0159lav\u00e1 sm\u011bs, je postrachem ka\u017ed\u00e9ho majitele \u010di provozovatele vzduchotechniky, kter\u00fd v\u00ed, \u017ee sta\u010d\u00ed k za\u017eehnut\u00ed ohn\u011b opravdu velmi m\u00e1lo. Ho\u0159\u00edc\u00ed mastn\u00fd prach m\u016f\u017ee i vybuchnout a necitliv\u011b zas\u00e1hnout okoln\u00ed byty v cel\u00e9m dom\u011b, co\u017e je nebezpe\u010dn\u00e9 hlavn\u011b tehdy, jsme-li mimo domov. P\u0159enechejte tedy v pravideln\u00fdch intervalech tuto pr\u00e1ci odborn\u00edk\u016fm.                                                                                                                                                                                                                                                                                                                                                                                          4.1\/5 - (9 votes)        "},{"@context":"https:\/\/schema.org\/","@type":"BreadcrumbList","itemListElement":[{"@type":"ListItem","position":1,"name":"Letn\u00ed vedra mohou za\u010d\u00ednat u\u017e v \u010dervnu","item":"https:\/\/www.stenfr.cz\/letni-vedra-mohou-zacinat-uz-v-cervnu\/#breadcrumbitem"}]}]