[{"@context":"https:\/\/schema.org\/","@type":"Article","@id":"https:\/\/www.stenfr.cz\/mame-pro-vas-opravdu-to-prave\/#Article","mainEntityOfPage":"https:\/\/www.stenfr.cz\/mame-pro-vas-opravdu-to-prave\/","headline":"M\u00e1me pro V\u00e1s opravdu to prav\u00e9","name":"M\u00e1me pro V\u00e1s opravdu to prav\u00e9","description":"Pokud zrovna sh\u00e1n\u00edte sv\u011bteln\u00e9 zdroje, d\u00edky kter\u00fdm sn\u00ed\u017e\u00edte Va\u0161e v\u00fddaje za energie, obra\u0165te se na n\u00e1s, proto\u017ee u n\u00e1s si jist\u011b p\u0159ijdete na sv\u00e9, tomu opravdu v\u011b\u0159te. A\u0165 u\u017e sh\u00e1n\u00edte n\u011bco pro Va\u0161i dom\u00e1cnost, obchod nebo t\u0159eba automobil, bu\u010fte si jist\u00ed t\u00edm, \u017ee my V\u00e1m to velmi r\u00e1di poskytneme. Zakl\u00e1d\u00e1me si na spokojenosti na\u0161ich z\u00e1kazn\u00edk\u016f<footer class=\"entry-footer index-entry\"><div class=\"post-social pull-left\"><a href=\"https:\/\/www.facebook.com\/sharer\/sharer.php?u=https%3A%2F%2Fwww.stenfr.cz%2Fmame-pro-vas-opravdu-to-prave%2F\" target=\"_blank\" class=\"social-icons\"><i class=\"fa fa-facebook\" aria-hidden=\"true\"><\/i><\/a><a href=\"https:\/\/twitter.com\/home?status=https%3A%2F%2Fwww.stenfr.cz%2Fmame-pro-vas-opravdu-to-prave%2F\" target=\"_blank\" class=\"social-icons\"><i class=\"fa fa-twitter\" aria-hidden=\"true\"><\/i><\/a><a href=\"https:\/\/www.linkedin.com\/shareArticle?mini=true&url=https%3A%2F%2Fwww.stenfr.cz%2Fmame-pro-vas-opravdu-to-prave%2F&title=M%C3%A1me+pro+V%C3%A1s+opravdu+to+prav%C3%A9\" target=\"_blank\" class=\"social-icons\"><i class=\"fa fa-linkedin\" aria-hidden=\"true\"><\/i><\/a><\/div><p class=\"link-more\"><a href=\"https:\/\/www.stenfr.cz\/mame-pro-vas-opravdu-to-prave\/\" class=\"more-link\">Continue reading <span class=\"meta-nav\">\u2192<\/span><\/a><\/p><\/footer>","datePublished":"2025-08-27","dateModified":"2025-08-27","author":{"@type":"Person","@id":"https:\/\/www.stenfr.cz\/author\/#Person","name":"","url":"https:\/\/www.stenfr.cz\/author\/","identifier":1,"image":{"@type":"ImageObject","@id":"https:\/\/secure.gravatar.com\/avatar\/bbaa4e9a58aac4329fe0ade0f3fb816f09f0dc43c21f6e884dccfbc124b16b29?s=96&d=mm&r=g","url":"https:\/\/secure.gravatar.com\/avatar\/bbaa4e9a58aac4329fe0ade0f3fb816f09f0dc43c21f6e884dccfbc124b16b29?s=96&d=mm&r=g","height":96,"width":96}},"publisher":{"@type":"Organization","name":"stenfr.cz","logo":{"@type":"ImageObject","@id":"\/logo.png","url":"\/logo.png","width":600,"height":60}},"url":"https:\/\/www.stenfr.cz\/mame-pro-vas-opravdu-to-prave\/","wordCount":250,"articleBody":"Pokud zrovna sh\u00e1n\u00edte sv\u011bteln\u00e9 zdroje, d\u00edky kter\u00fdm sn\u00ed\u017e\u00edte Va\u0161e v\u00fddaje za energie, obra\u0165te se na n\u00e1s, proto\u017ee u n\u00e1s si jist\u011b p\u0159ijdete na sv\u00e9, tomu opravdu v\u011b\u0159te. A\u0165 u\u017e sh\u00e1n\u00edte n\u011bco pro Va\u0161i dom\u00e1cnost, obchod nebo t\u0159eba automobil, bu\u010fte si jist\u00ed t\u00edm, \u017ee my V\u00e1m to velmi r\u00e1di poskytneme. Zakl\u00e1d\u00e1me si na spokojenosti na\u0161ich z\u00e1kazn\u00edk\u016f a jsme pro jejich spokojenost opravdu p\u0159ipraveni ud\u011blat v\u0161e, co je v na\u0161ich sil\u00e1ch, t\u00edm si bu\u010fte naprosto jist\u00ed. Ve\u0161ker\u00e9 zbo\u017e\u00ed, kter\u00e9 nab\u00edz\u00edme, je opravdu kvalitn\u00ed a bude V\u00e1m slou\u017eit p\u011bknou \u0159\u00e1dku let bez jak\u00fdchkoliv probl\u00e9m\u016f. D\u00edky n\u00e1m opravdu u\u0161et\u0159\u00edte A co V\u00e1m vlastn\u011b m\u016f\u017eeme nab\u00eddnout? Nap\u0159\u00edklad takov\u00fd led panel je velmi zaj\u00edmav\u00fdm designov\u00fdm prvkem a rozhodn\u011b ozvl\u00e1\u0161tn\u00ed Va\u0161i dom\u00e1cnost, t\u00edm si bu\u010fte naprosto jist\u00ed. To a mnohem v\u00edc V\u00e1m m\u016f\u017eeme nab\u00eddnout, nav\u00edc ve vysok\u00e9 kvalit\u011b. Tak\u00e9 si uv\u011bdomujeme, jak jsou ceny d\u016fle\u017eitou v\u011bc\u00ed p\u0159i v\u00fdb\u011bru, proto se je sna\u017e\u00edme dr\u017eet opravdu na p\u0159ijateln\u00e9 \u00farovni, kter\u00e1 V\u00e1s rozhodn\u011b neodrad\u00ed od n\u00e1kupu. Proto u\u017e d\u00e1l nev\u00e1hejte a za\u010dn\u011bte co nejd\u0159\u00edve vyb\u00edrat to prav\u00e9.                                                                                                                                                                                                                                                                                                                                                                                                "},{"@context":"https:\/\/schema.org\/","@type":"BreadcrumbList","itemListElement":[{"@type":"ListItem","position":1,"name":"M\u00e1me pro V\u00e1s opravdu to prav\u00e9","item":"https:\/\/www.stenfr.cz\/mame-pro-vas-opravdu-to-prave\/#breadcrumbitem"}]}]