[{"@context":"https:\/\/schema.org\/","@type":"Article","@id":"https:\/\/www.stenfr.cz\/pozor-na-pretizeni\/#Article","mainEntityOfPage":"https:\/\/www.stenfr.cz\/pozor-na-pretizeni\/","headline":"Pozor na p\u0159et\u00ed\u017een\u00ed","name":"Pozor na p\u0159et\u00ed\u017een\u00ed","description":"N\u011bjak si nepamatujete na dobu, kdy v\u00e1m naposledy n\u011bco ud\u011blalo radost. A t\u00edm nyn\u00ed nemysl\u00edte nic z\u00e1sadn\u00edho ani velkolep\u00e9ho, sta\u010d\u00ed n\u011bjak\u00e1 drobnost, jen\u017ee probl\u00e9m je v\u00a0tom, \u017ee vy si nevzpom\u00edn\u00e1te ani na \u017e\u00e1dnou, by\u0165 nepatrnou mali\u010dkost, kter\u00e1 by v\u00e1s v\u00a0posledn\u00ed anebo jinak dohledn\u00e9 dob\u011b pot\u011b\u0161ila. A to je neklamnou zn\u00e1mkou toho, \u017ee nastal nejvy\u0161\u0161\u00ed \u010das<footer class=\"entry-footer index-entry\"><div class=\"post-social pull-left\"><a href=\"https:\/\/www.facebook.com\/sharer\/sharer.php?u=https%3A%2F%2Fwww.stenfr.cz%2Fpozor-na-pretizeni%2F\" target=\"_blank\" class=\"social-icons\"><i class=\"fa fa-facebook\" aria-hidden=\"true\"><\/i><\/a><a href=\"https:\/\/twitter.com\/home?status=https%3A%2F%2Fwww.stenfr.cz%2Fpozor-na-pretizeni%2F\" target=\"_blank\" class=\"social-icons\"><i class=\"fa fa-twitter\" aria-hidden=\"true\"><\/i><\/a><a href=\"https:\/\/www.linkedin.com\/shareArticle?mini=true&url=https%3A%2F%2Fwww.stenfr.cz%2Fpozor-na-pretizeni%2F&title=Pozor+na+p%C5%99et%C3%AD%C5%BEen%C3%AD\" target=\"_blank\" class=\"social-icons\"><i class=\"fa fa-linkedin\" aria-hidden=\"true\"><\/i><\/a><\/div><p class=\"link-more\"><a href=\"https:\/\/www.stenfr.cz\/pozor-na-pretizeni\/\" class=\"more-link\">Continue reading <span class=\"meta-nav\">\u2192<\/span><\/a><\/p><\/footer>","datePublished":"2024-11-03","dateModified":"2024-11-03","author":{"@type":"Person","@id":"https:\/\/www.stenfr.cz\/author\/#Person","name":"","url":"https:\/\/www.stenfr.cz\/author\/","identifier":1,"image":{"@type":"ImageObject","@id":"https:\/\/secure.gravatar.com\/avatar\/bbaa4e9a58aac4329fe0ade0f3fb816f09f0dc43c21f6e884dccfbc124b16b29?s=96&d=mm&r=g","url":"https:\/\/secure.gravatar.com\/avatar\/bbaa4e9a58aac4329fe0ade0f3fb816f09f0dc43c21f6e884dccfbc124b16b29?s=96&d=mm&r=g","height":96,"width":96}},"publisher":{"@type":"Organization","name":"stenfr.cz","logo":{"@type":"ImageObject","@id":"\/logo.png","url":"\/logo.png","width":600,"height":60}},"url":"https:\/\/www.stenfr.cz\/pozor-na-pretizeni\/","wordCount":255,"articleBody":"\tN\u011bjak si nepamatujete na dobu, kdy v\u00e1m naposledy n\u011bco ud\u011blalo radost. A t\u00edm nyn\u00ed nemysl\u00edte nic z\u00e1sadn\u00edho ani velkolep\u00e9ho, sta\u010d\u00ed n\u011bjak\u00e1 drobnost, jen\u017ee probl\u00e9m je v\u00a0tom, \u017ee vy si nevzpom\u00edn\u00e1te ani na \u017e\u00e1dnou, by\u0165 nepatrnou mali\u010dkost, kter\u00e1 by v\u00e1s v\u00a0posledn\u00ed anebo jinak dohledn\u00e9 dob\u011b pot\u011b\u0161ila. A to je neklamnou zn\u00e1mkou toho, \u017ee nastal nejvy\u0161\u0161\u00ed \u010das na to, abyste vypnula a za\u010dala se v\u011bnovat na m\u00edsto sam\u00e9 pr\u00e1ce tak\u00e9 sama sob\u011b. Je to takov\u00fd zdvi\u017een\u00fd prst, \u017ee pokud se nep\u0159estanete honit za v\u00fdd\u011blkem a s\u00a0k\u0159e\u010dovitou p\u00edl\u00ed plnit sv\u00e9 sv\u011b\u0159en\u00e9 \u00fakoly na v\u00fdbornou, tak se v\u00e1m klidn\u011b m\u016f\u017ee st\u00e1t, \u017ee v\u00e1m z\u00a0toho brzy bude hodn\u011b \u0161patn\u011b, a jak je zn\u00e1mo, tak zdrav\u00ed a spokojen\u00fd \u017eivot si za pen\u00edze koupit nelze.\tMyslet chv\u00edli na sebeTak\u017ee byste si m\u011bla neprodlen\u011b sednout ke sv\u00e9mu di\u00e1\u0159i a naj\u00edt si nejbli\u017e\u0161\u00ed mo\u017enou dobu, kdy m\u016f\u017eete svou pr\u00e1ci alespo\u0148 na \u010das p\u0159eru\u0161it a vypnout. A t\u00edm nyn\u00ed nemysl\u00edte, \u017ee byste m\u011bla hned jezdit na n\u011bjakou velkou dovolenou, dokonce ani v\u00edkendov\u00fd pobyt v\u00a0l\u00e1zn\u00edch nen\u00ed t\u0159eba. Jde jen o to, ud\u011blat si sama na sebe \u010das a zaj\u00edt si t\u0159eba do kina anebo posed\u011bt do kav\u00e1rny.                                                                                                                                                                                                                                                                                                                                                                                        4.5\/5 - (2 votes)        "},{"@context":"https:\/\/schema.org\/","@type":"BreadcrumbList","itemListElement":[{"@type":"ListItem","position":1,"name":"Pozor na p\u0159et\u00ed\u017een\u00ed","item":"https:\/\/www.stenfr.cz\/pozor-na-pretizeni\/#breadcrumbitem"}]}]