[{"@context":"https:\/\/schema.org\/","@type":"Article","@id":"https:\/\/www.stenfr.cz\/proc-se-odstehovat-z-mesta-na-venkov-do-mobilniho-domu\/#Article","mainEntityOfPage":"https:\/\/www.stenfr.cz\/proc-se-odstehovat-z-mesta-na-venkov-do-mobilniho-domu\/","headline":"Pro\u010d se odst\u011bhovat z m\u011bsta na venkov do mobiln\u00edho domu","name":"Pro\u010d se odst\u011bhovat z m\u011bsta na venkov do mobiln\u00edho domu","description":"Mobiln\u00ed domy st\u00e1le p\u0159edstavuj\u00ed pro mnoh\u00e9 z n\u00e1s jen nouzov\u00e9 \u0159e\u0161en\u00ed, cosi do\u010dasn\u00e9ho, ne\u017eli se p\u0159eklene kritick\u00e9 obdob\u00ed a budeme si moci dovolit kone\u010dn\u011b \u017e\u00edt a bydlet podle na\u0161ich p\u0159edstav. Ve skute\u010dnosti to mohou b\u00fdt zcela myln\u00e9 a zkreslen\u00e9 p\u0159edstavy o tomto zp\u016fsobu \u017eivota, proto\u017ee v\u00fdraz \u201emobiln\u00ed d\u016fm\u201c zahrnuje velmi \u0161irok\u00e9 spektrum objekt\u016f, od sezonn\u00edch<footer class=\"entry-footer index-entry\"><div class=\"post-social pull-left\"><a href=\"https:\/\/www.facebook.com\/sharer\/sharer.php?u=https%3A%2F%2Fwww.stenfr.cz%2Fproc-se-odstehovat-z-mesta-na-venkov-do-mobilniho-domu%2F\" target=\"_blank\" class=\"social-icons\"><i class=\"fa fa-facebook\" aria-hidden=\"true\"><\/i><\/a><a href=\"https:\/\/twitter.com\/home?status=https%3A%2F%2Fwww.stenfr.cz%2Fproc-se-odstehovat-z-mesta-na-venkov-do-mobilniho-domu%2F\" target=\"_blank\" class=\"social-icons\"><i class=\"fa fa-twitter\" aria-hidden=\"true\"><\/i><\/a><a href=\"https:\/\/pinterest.com\/pin\/create\/button\/?url=https%3A%2F%2Fwww.stenfr.cz%2Fproc-se-odstehovat-z-mesta-na-venkov-do-mobilniho-domu%2F&media=https%3A%2F%2Fwww.stenfr.cz%2Fwp-content%2Fuploads%2Fdaisy-712898_640.jpg\" target=\"_blank\" class=\"social-icons\"><i class=\"fa fa-pinterest-p\" aria-hidden=\"true\"><\/i><\/a><a href=\"https:\/\/www.linkedin.com\/shareArticle?mini=true&url=https%3A%2F%2Fwww.stenfr.cz%2Fproc-se-odstehovat-z-mesta-na-venkov-do-mobilniho-domu%2F&title=Pro%C4%8D+se+odst%C4%9Bhovat+z+m%C4%9Bsta+na+venkov+do+mobiln%C3%ADho+domu\" target=\"_blank\" class=\"social-icons\"><i class=\"fa fa-linkedin\" aria-hidden=\"true\"><\/i><\/a><\/div><p class=\"link-more\"><a href=\"https:\/\/www.stenfr.cz\/proc-se-odstehovat-z-mesta-na-venkov-do-mobilniho-domu\/\" class=\"more-link\">Continue reading <span class=\"meta-nav\">\u2192<\/span><\/a><\/p><\/footer>","datePublished":"2022-06-12","dateModified":"2023-07-31","author":{"@type":"Person","@id":"https:\/\/www.stenfr.cz\/author\/#Person","name":"","url":"https:\/\/www.stenfr.cz\/author\/","identifier":1,"image":{"@type":"ImageObject","@id":"https:\/\/secure.gravatar.com\/avatar\/bbaa4e9a58aac4329fe0ade0f3fb816f09f0dc43c21f6e884dccfbc124b16b29?s=96&d=mm&r=g","url":"https:\/\/secure.gravatar.com\/avatar\/bbaa4e9a58aac4329fe0ade0f3fb816f09f0dc43c21f6e884dccfbc124b16b29?s=96&d=mm&r=g","height":96,"width":96}},"publisher":{"@type":"Organization","name":"stenfr.cz","logo":{"@type":"ImageObject","@id":"\/logo.png","url":"\/logo.png","width":600,"height":60}},"image":{"@type":"ImageObject","@id":"https:\/\/www.stenfr.cz\/wp-content\/uploads\/daisy-712898_640.jpg","url":"https:\/\/www.stenfr.cz\/wp-content\/uploads\/daisy-712898_640.jpg","height":0,"width":0},"url":"https:\/\/www.stenfr.cz\/proc-se-odstehovat-z-mesta-na-venkov-do-mobilniho-domu\/","about":["D\u016fm a byt"],"wordCount":429,"articleBody":"   Mobiln\u00ed domy st\u00e1le p\u0159edstavuj\u00ed pro mnoh\u00e9 z n\u00e1s jen nouzov\u00e9 \u0159e\u0161en\u00ed, cosi do\u010dasn\u00e9ho, ne\u017eli se p\u0159eklene kritick\u00e9 obdob\u00ed a budeme si moci dovolit kone\u010dn\u011b \u017e\u00edt a bydlet podle na\u0161ich p\u0159edstav. Ve skute\u010dnosti to mohou b\u00fdt zcela myln\u00e9 a zkreslen\u00e9 p\u0159edstavy o tomto zp\u016fsobu \u017eivota, proto\u017ee v\u00fdraz \u201emobiln\u00ed d\u016fm\u201c zahrnuje velmi \u0161irok\u00e9 spektrum objekt\u016f, od sezonn\u00edch skelet\u016f s jednoduch\u00fdmi skly v oknech a\u017e po d\u016fkladn\u011b zateplen\u00e9 domy, oblo\u017een\u00e9 d\u0159evem, luxusn\u00edho vzhledu a velkou obytnou plochou. Ano, m\u00edt mobiln\u00ed d\u016fm m\u016f\u017ee znamenat \u017e\u00edt velmi skromn\u011b a p\u0159eb\u00fdvat v n\u011bm pouze v l\u00e9t\u011b, anebo m\u00edt st\u0159echu nad hlavou po cel\u00fd rok, a kone\u010dn\u011b ze sebe set\u0159\u00e1st ten m\u011bstsk\u00fd marast, chaos a stres na ka\u017ed\u00e9m kroku.S\u00edla p\u0159\u00edrody a energie zahrady \u2013 p\u0159\u00edrodu kolem n\u00e1s vn\u00edm\u00e1me jako sou\u010d\u00e1st na\u0161eho \u017eivota, jako n\u011bco p\u0159irozen\u00e9ho a kr\u00e1sn\u00e9ho, ale nemus\u00edme si j\u00ed v\u0161\u00edmat, jako\u017eto prost\u0159ed\u00ed, s n\u00edm\u017e jsme srostli. Lid\u00e9 ve m\u011bst\u011b nemaj\u00ed a ani nemohou m\u00edt k p\u0159\u00edrod\u011b tak siln\u00fd vztah, jako ti, co \u017eij\u00ed od m\u011bstsk\u00e9ho \u201ebl\u00e1zince\u201c odd\u011blen\u011b. Je to celkem logick\u00e9, asi jako argument podle p\u0159\u00edslov\u00ed \u201esyt\u00fd hladov\u00e9mu nev\u011b\u0159\u00ed\u201c. Pokud jste najeden\u00ed a spokojen\u00ed, nem\u00e1te ve stejn\u00fd okam\u017eik shodn\u00e9 pocity, jako \u010dlov\u011bk, kter\u00fd dva dny nic nejedl.Bydlen\u00ed v mobiln\u00edm dom\u011b Cosalt Carlton Lavarohouse umo\u017e\u0148uje ka\u017ed\u00fd den vyj\u00edt za rann\u00edho sv\u00edt\u00e1n\u00ed na zahradu, vyp\u00edt si tu hrnek \u010daje na terase, brodit se rann\u00ed rosou a obdivovat kvetouc\u00ed stromy. Na vlastn\u00ed zahrad\u011b vn\u00edm\u00e1te jinou v\u016fni prost\u0159ed\u00ed, ne\u017e jak\u00e1 \u010dp\u00ed ze zd\u00ed obytn\u00fdch dom\u016f uprost\u0159ed m\u011bsta, a je to hlavn\u011b v\u016fn\u011b p\u0159irozen\u00e1, nesrovnateln\u011b l\u00edbezn\u011bj\u0161\u00ed. Nem\u016f\u017eete zkr\u00e1tka srovn\u00e1vat mezi sebou v\u016fni skute\u010dn\u00fdch \u017eiv\u00fdch r\u016f\u017e\u00ed a od\u00e9r parf\u00e9mu, kter\u00fd r\u016f\u017ee jen vzd\u00e1len\u011b p\u0159ipom\u00edn\u00e1, p\u0159itom je vyroben\u00fd v laborato\u0159i ze syntetick\u00fdch l\u00e1tek.Pokud se tedy rozhodnete \u017e\u00edt v mobiln\u00edm dom\u011b d\u00e1le od civilizace, m\u016f\u017ee se zv\u00fd\u0161it i va\u0161e citlivost a nalad\u011bn\u00ed na p\u0159irozen\u00e9 vibrace, kter\u00e9 rostliny a zv\u00ed\u0159ata kolem sebe \u0161\u00ed\u0159\u00ed, a m\u016f\u017ee v\u00e1m pak p\u0159ipadat m\u011bstsk\u00fd \u017eivot neuv\u011b\u0159iteln\u011b bl\u00e1zniv\u00fd.                                                                                                                                                                                                                                                                                                                                                                                          4.7\/5 - (9 votes)        "},{"@context":"https:\/\/schema.org\/","@type":"BreadcrumbList","itemListElement":[{"@type":"ListItem","position":1,"name":"Pro\u010d se odst\u011bhovat z m\u011bsta na venkov do mobiln\u00edho domu","item":"https:\/\/www.stenfr.cz\/proc-se-odstehovat-z-mesta-na-venkov-do-mobilniho-domu\/#breadcrumbitem"}]}]