[{"@context":"https:\/\/schema.org\/","@type":"Article","@id":"https:\/\/www.stenfr.cz\/vestavene-skrine-na-miru-praha\/#Article","mainEntityOfPage":"https:\/\/www.stenfr.cz\/vestavene-skrine-na-miru-praha\/","headline":"Vestav\u011bn\u00e9 sk\u0159\u00edn\u011b na m\u00edru Praha","name":"Vestav\u011bn\u00e9 sk\u0159\u00edn\u011b na m\u00edru Praha","description":"Vyberte si od n\u00e1s na\u0161e skv\u011bl\u00e9 sk\u0159\u00edn\u011b, kter\u00e9 jsou d\u011blan\u00e9 tak, aby byly praktick\u00e9, kr\u00e1sn\u00e9, designov\u00e9, modern\u00ed a opravdu na m\u00edru, tak\u017ee to vlastn\u011b pro v\u0161echny je n\u011bco univerz\u00e1ln\u00edho. My tohle um\u00edme a d\u00edky na\u0161im bohat\u00fdm zku\u0161enostem tohle v\u0161echno je naprosto skv\u011bl\u00e9 a bude se v\u00e1m tohle v\u0161echno moc l\u00edbit. Na\u0161e vestav\u011bn\u00e9 sk\u0159\u00edn\u011b na m\u00edru<footer class=\"entry-footer index-entry\"><div class=\"post-social pull-left\"><a href=\"https:\/\/www.facebook.com\/sharer\/sharer.php?u=https%3A%2F%2Fwww.stenfr.cz%2Fvestavene-skrine-na-miru-praha%2F\" target=\"_blank\" class=\"social-icons\"><i class=\"fa fa-facebook\" aria-hidden=\"true\"><\/i><\/a><a href=\"https:\/\/twitter.com\/home?status=https%3A%2F%2Fwww.stenfr.cz%2Fvestavene-skrine-na-miru-praha%2F\" target=\"_blank\" class=\"social-icons\"><i class=\"fa fa-twitter\" aria-hidden=\"true\"><\/i><\/a><a href=\"https:\/\/pinterest.com\/pin\/create\/button\/?url=https%3A%2F%2Fwww.stenfr.cz%2Fvestavene-skrine-na-miru-praha%2F&media=https%3A%2F%2Fwww.stenfr.cz%2Fwp-content%2Fuploads%2Fimg_a319013_w2524_t1529914432.jpg\" target=\"_blank\" class=\"social-icons\"><i class=\"fa fa-pinterest-p\" aria-hidden=\"true\"><\/i><\/a><a href=\"https:\/\/www.linkedin.com\/shareArticle?mini=true&url=https%3A%2F%2Fwww.stenfr.cz%2Fvestavene-skrine-na-miru-praha%2F&title=Vestav%C4%9Bn%C3%A9+sk%C5%99%C3%ADn%C4%9B+na+m%C3%ADru+Praha\" target=\"_blank\" class=\"social-icons\"><i class=\"fa fa-linkedin\" aria-hidden=\"true\"><\/i><\/a><\/div><p class=\"link-more\"><a href=\"https:\/\/www.stenfr.cz\/vestavene-skrine-na-miru-praha\/\" class=\"more-link\">Continue reading <span class=\"meta-nav\">\u2192<\/span><\/a><\/p><\/footer>","datePublished":"2018-06-02","dateModified":"2023-04-30","author":{"@type":"Person","@id":"https:\/\/www.stenfr.cz\/author\/#Person","name":"","url":"https:\/\/www.stenfr.cz\/author\/","identifier":1,"image":{"@type":"ImageObject","@id":"https:\/\/secure.gravatar.com\/avatar\/bbaa4e9a58aac4329fe0ade0f3fb816f09f0dc43c21f6e884dccfbc124b16b29?s=96&d=mm&r=g","url":"https:\/\/secure.gravatar.com\/avatar\/bbaa4e9a58aac4329fe0ade0f3fb816f09f0dc43c21f6e884dccfbc124b16b29?s=96&d=mm&r=g","height":96,"width":96}},"publisher":{"@type":"Organization","name":"stenfr.cz","logo":{"@type":"ImageObject","@id":"\/logo.png","url":"\/logo.png","width":600,"height":60}},"image":{"@type":"ImageObject","@id":"https:\/\/www.stenfr.cz\/wp-content\/uploads\/img_a319013_w2524_t1529914432.jpg","url":"https:\/\/www.stenfr.cz\/wp-content\/uploads\/img_a319013_w2524_t1529914432.jpg","height":0,"width":0},"url":"https:\/\/www.stenfr.cz\/vestavene-skrine-na-miru-praha\/","about":["Produkty"],"wordCount":433,"articleBody":"  Vyberte si od n\u00e1s na\u0161e skv\u011bl\u00e9 sk\u0159\u00edn\u011b, kter\u00e9 jsou d\u011blan\u00e9 tak, aby byly praktick\u00e9, kr\u00e1sn\u00e9, designov\u00e9, modern\u00ed a opravdu na m\u00edru, tak\u017ee to vlastn\u011b pro v\u0161echny je n\u011bco univerz\u00e1ln\u00edho. My tohle um\u00edme a d\u00edky na\u0161im bohat\u00fdm zku\u0161enostem tohle v\u0161echno je naprosto skv\u011bl\u00e9 a bude se v\u00e1m tohle v\u0161echno moc l\u00edbit. Na\u0161e vestav\u011bn\u00e9 sk\u0159\u00edn\u011b na m\u00edru Prahabudou zkr\u00e1tka s dob\u0159e u\u017eite\u010dn\u00e9 do ka\u017ed\u00e9 dom\u00e1cnosti, to si pi\u0161te. Tohle je naprosto jasn\u00e9 a velice d\u016fle\u017eit\u00e9 rozhodnut kter\u00e9 jist\u011b ud\u011bl\u00e1te a bude to pro v\u00e1s to prav\u00e9 o\u0159echov\u00e9. P\u0159ipojte se i vy k cel\u00e9 \u0159ad\u011b na\u0161ich maxim\u00e1ln\u011b spokojen\u00fdch z\u00e1kazn\u00edk\u016f a rozhodn\u011bte se i vy, \u017ee si nech\u00e1te n\u011bco takov\u00e9ho vyrobit a \u017ee budete z toho nad\u0161en\u00ed a maxim\u00e1ln\u011b spokojen\u00ed, jak je to jednoduch\u00e9, p\u0159ehledn\u00e9 a opravdu na m\u00edru, tak\u017ee to bude vypadat dob\u0159e. Je to mnohem lep\u0161\u00ed ne\u017e kdybyste si koupili n\u011bjako sk\u0159\u00ed\u0148 a dali si ji do prostor. Takhle to bude v\u0161echno ud\u011blan\u00e9 naprosto na m\u00edru a bude to vypadat dob\u0159e, bude to zasazen\u00e9 do zdi a bude to naprostou sou\u010d\u00e1st\u00ed cel\u00e9ho interi\u00e9ru. Nebudete rozhodn\u011b litovat ni\u010deho, to v\u00e1m garantujeme. To si pi\u0161te. N\u011bkolik variant U n\u00e1s si vybere ka\u017ed\u00fd, i ten nejn\u00e1ro\u010dn\u011bj\u0161\u00ed z\u00e1kazn\u00edk, to v\u00e1m garantujeme, proto\u017ee na\u0161e nab\u00eddka je opravdu \u0161irok\u00e1 a opravdu spr\u00e1vn\u00e1, tak\u017ee se nebojte a prost\u011b a jednodu\u0161e ud\u011blejte ten prvn\u00ed krok je\u0161t\u011b hned te\u010f a nebudete toho rozhodn\u011b litovat, to si pi\u0161te. \u010c\u00edm d\u0159\u00edve tenhle d\u016fle\u017eit\u00fd krok ud\u011bl\u00e1te, t\u00edm to budete m\u00edt d\u0159\u00edve hotov\u00e9. Nebojte se, kvalita je opravdu vysok\u00e1, tak\u017ee v tomhle ohledu se v\u016fbec b\u00e1t nemus\u00edte, tak\u017ee n\u00e1m d\u016fv\u011b\u0159ujete a vlo\u017ete se do na\u0161ich rukou bez n\u011bjak\u00fdch zbyte\u010dn\u00fdch probl\u00e9m\u016f a v\u0161echno bude snadn\u00e9 a dopadne to opravdu p\u0159esn\u011b tak, jak si budete p\u0159\u00e1t, tak\u017ee nem\u011bjte v\u016fbec strach a budete nad\u0161en\u00ed.V\u00fdhody \u00b7 Luxusn\u00ed ceny \u00b7 Maxim\u00e1ln\u00ed spokojenost \u00b7 Luxusn\u00ed varianty a proveden\u00ed Tohle v\u0161echno je opravdu skv\u011bl\u00e9 a bude se v\u00e1m to opravdu moc l\u00edbit, tak se nebojte.                                                                                                                                                                                                                                                                                                                                                                                        3.7\/5 - (10 votes)        "},{"@context":"https:\/\/schema.org\/","@type":"BreadcrumbList","itemListElement":[{"@type":"ListItem","position":1,"name":"Vestav\u011bn\u00e9 sk\u0159\u00edn\u011b na m\u00edru Praha","item":"https:\/\/www.stenfr.cz\/vestavene-skrine-na-miru-praha\/#breadcrumbitem"}]}]